{"id":658,"date":"2010-10-22T12:18:56","date_gmt":"2010-10-22T10:18:56","guid":{"rendered":"https:\/\/gedip-egpil.eu\/2020\/10\/22\/florence-2014-copy-copy-10\/"},"modified":"2021-09-21T16:09:25","modified_gmt":"2021-09-21T14:09:25","slug":"copenhague-2010","status":"publish","type":"post","link":"https:\/\/gedip-egpil.eu\/fr\/2010\/copenhague-2010\/","title":{"rendered":"Copenhague, 2010"},"content":{"rendered":"\n<p>Le r\u00e8glement Bruxelles I et les d\u00e9cisions rendues dans un pays tiers. Modification de l\u2019article 22bis du texte de Bergen. Rattachement \u00e0 la nationalit\u00e9 et les conflits de nationalit\u00e9s en droit de l\u2019Union europ\u00e9enne. Probl\u00e9matique de la preuve et de l\u2019acc\u00e8s au droit \u00e9tranger. Actualit\u00e9 du droit de l&rsquo;Union europ\u00e9enne (successions&nbsp;; trait\u00e9s bilat\u00e9raux des Etats membres&nbsp;; renvoi). Actualit\u00e9 de la Conf\u00e9rence de La Haye. Actualit\u00e9 de la Cour europ\u00e9enne des droits de l\u2019homme.<\/p>\n","protected":false},"excerpt":{"rendered":"<p>Le r\u00e8glement Bruxelles I et les d\u00e9cisions rendues dans un pays tiers, Modification de l\u2019article 22bis du texte de Bergen, rattachement \u00e0 la nationalit\u00e9 et les conflits de nationalit\u00e9s en droit de l\u2019Union europ\u00e9enne, Probl\u00e9matique de la preuve et de l\u2019acc\u00e8s au droit \u00e9tranger, Actualit\u00e9 du droit de l&rsquo;Union europ\u00e9enne, Actualit\u00e9 de la Conf\u00e9rence de La Haye, Actualit\u00e9 de la Cour europ\u00e9enne des droits de l\u2019homme. <\/p>\n<p><a href=\"https:\/\/gedip-egpil.eu\/fr\/2010\/copenhague-2010\/\" class=\"more-link\"><span class=\"morelink-icon\">Voir plus<\/span><\/a><\/p>\n","protected":false},"author":1,"featured_media":0,"comment_status":"open","ping_status":"open","sticky":false,"template":"","format":"standard","meta":{"footnotes":""},"categories":[3],"tags":[40,69,81,49],"class_list":["post-658","post","type-post","status-publish","format-standard","hentry","category-reunions","tag-general","tag-droit-etranger","tag-conflit-de-juridictions","tag-personne-et-famille"],"_links":{"self":[{"href":"https:\/\/gedip-egpil.eu\/fr\/wp-json\/wp\/v2\/posts\/658","targetHints":{"allow":["GET"]}}],"collection":[{"href":"https:\/\/gedip-egpil.eu\/fr\/wp-json\/wp\/v2\/posts"}],"about":[{"href":"https:\/\/gedip-egpil.eu\/fr\/wp-json\/wp\/v2\/types\/post"}],"author":[{"embeddable":true,"href":"https:\/\/gedip-egpil.eu\/fr\/wp-json\/wp\/v2\/users\/1"}],"replies":[{"embeddable":true,"href":"https:\/\/gedip-egpil.eu\/fr\/wp-json\/wp\/v2\/comments?post=658"}],"version-history":[{"count":41,"href":"https:\/\/gedip-egpil.eu\/fr\/wp-json\/wp\/v2\/posts\/658\/revisions"}],"predecessor-version":[{"id":4006,"href":"https:\/\/gedip-egpil.eu\/fr\/wp-json\/wp\/v2\/posts\/658\/revisions\/4006"}],"wp:attachment":[{"href":"https:\/\/gedip-egpil.eu\/fr\/wp-json\/wp\/v2\/media?parent=658"}],"wp:term":[{"taxonomy":"category","embeddable":true,"href":"https:\/\/gedip-egpil.eu\/fr\/wp-json\/wp\/v2\/categories?post=658"},{"taxonomy":"post_tag","embeddable":true,"href":"https:\/\/gedip-egpil.eu\/fr\/wp-json\/wp\/v2\/tags?post=658"}],"curies":[{"name":"wp","href":"https:\/\/api.w.org\/{rel}","templated":true}]}}